{"id":3252,"date":"2018-04-30T10:20:50","date_gmt":"2018-04-30T08:20:50","guid":{"rendered":"http:\/\/www.editionlempfer.de\/?p=3252"},"modified":"2018-04-30T12:28:19","modified_gmt":"2018-04-30T10:28:19","slug":"drachenflug-gewinnt-kompositionswettbewerb","status":"publish","type":"post","link":"http:\/\/www.editionlempfer.de\/?p=3252","title":{"rendered":"&#8222;Drachenflug&#8220; gewinnt Kompositionswettbewerb"},"content":{"rendered":"<p><strong>Meine Komposition <a href=\"http:\/\/www.editionlempfer.de\/?product=drachenflug\">&#8222;Drachenflug&#8220;<\/a> habe ich im letzten Sommer zum Kompositionswettbewerb 2017\/2018 beim Volksmusikerbund NRW e.V. eingereicht. Am vergangenen Freitag fand im Rahmen des Landesmusikfests in Schmallenberg die Siegerehrung statt. Ich freue mich sehr dar\u00fcber, dass meine Komposition die Jury \u00fcberzeugen konnte und mit dem <em>1. Preis ausgezeichnet<\/em> wurde!<\/strong><\/p>\n<p><strong>Die besondere Herausforderung bei diesem Wettbewerb lag darin, ein Werk im mittleren Schwierigkeitsgrad zu schaffen, dass in sehr kleiner, traditioneller Besetzung spielbar ist. Gleichzeitig sollte das Werk auch f\u00fcr gr\u00f6\u00dferes Fl\u00f6tenorchester eine Herausforderung darstellen. Das Werk sollte also sowohl in einer Besetzung mit sechs Fl\u00f6ten, Lyra, kleiner Trommel, Becken und Gro\u00dfer Trommel als auch in voller Besetzung mit gro\u00dfem Stabspiel-Register, Alt- und Bassfl\u00f6ten und gr\u00f6\u00dferem Orchester-Schlagwerk spielbar sein.<\/strong><\/p>\n<p><strong>Mir ist es gelungen, die vielen zus\u00e4tzlichen Stimmen trotzdem spannend zu gestalten. Sie f\u00fcgen dem &#8222;Drachenflug&#8220; weitere Farben und Facetten hinzu. So entstand eine Komposition, die eine wirkliche Vergleichbarkeit der verschiedenen Ensembles, Besetzungsgruppen und -st\u00e4rken erm\u00f6glicht.<\/strong><\/p>\n","protected":false},"excerpt":{"rendered":"<p>Meine Komposition &#8222;Drachenflug&#8220; habe ich im letzten Sommer zum Kompositionswettbewerb 2017\/2018 beim Volksmusikerbund NRW e.V. eingereicht. Am vergangenen Freitag fand im Rahmen des Landesmusikfests in Schmallenberg die Siegerehrung statt. Ich freue mich sehr dar\u00fcber, dass meine Komposition die Jury \u00fcberzeugen &hellip; <a href=\"http:\/\/www.editionlempfer.de\/?p=3252\">Weiter<\/a><\/p>\n","protected":false},"author":1,"featured_media":0,"comment_status":"closed","ping_status":"closed","sticky":false,"template":"","format":"standard","meta":[],"categories":[29],"tags":[],"_links":{"self":[{"href":"http:\/\/www.editionlempfer.de\/index.php?rest_route=\/wp\/v2\/posts\/3252"}],"collection":[{"href":"http:\/\/www.editionlempfer.de\/index.php?rest_route=\/wp\/v2\/posts"}],"about":[{"href":"http:\/\/www.editionlempfer.de\/index.php?rest_route=\/wp\/v2\/types\/post"}],"author":[{"embeddable":true,"href":"http:\/\/www.editionlempfer.de\/index.php?rest_route=\/wp\/v2\/users\/1"}],"replies":[{"embeddable":true,"href":"http:\/\/www.editionlempfer.de\/index.php?rest_route=%2Fwp%2Fv2%2Fcomments&post=3252"}],"version-history":[{"count":4,"href":"http:\/\/www.editionlempfer.de\/index.php?rest_route=\/wp\/v2\/posts\/3252\/revisions"}],"predecessor-version":[{"id":3256,"href":"http:\/\/www.editionlempfer.de\/index.php?rest_route=\/wp\/v2\/posts\/3252\/revisions\/3256"}],"wp:attachment":[{"href":"http:\/\/www.editionlempfer.de\/index.php?rest_route=%2Fwp%2Fv2%2Fmedia&parent=3252"}],"wp:term":[{"taxonomy":"category","embeddable":true,"href":"http:\/\/www.editionlempfer.de\/index.php?rest_route=%2Fwp%2Fv2%2Fcategories&post=3252"},{"taxonomy":"post_tag","embeddable":true,"href":"http:\/\/www.editionlempfer.de\/index.php?rest_route=%2Fwp%2Fv2%2Ftags&post=3252"}],"curies":[{"name":"wp","href":"https:\/\/api.w.org\/{rel}","templated":true}]}}